{"id":194,"date":"2009-08-18T17:26:07","date_gmt":"2009-08-18T17:26:07","guid":{"rendered":"https:\/\/nya.smalsparet.com\/nya-bildgallerier-uppe-nu\/"},"modified":"2009-08-18T17:26:07","modified_gmt":"2009-08-18T17:26:07","slug":"nya-bildgallerier-uppe-nu","status":"publish","type":"post","link":"https:\/\/smalsparet.com\/en\/nya-bildgallerier-uppe-nu\/","title":{"rendered":"New image galleries up now!"},"content":{"rendered":"<p>We have posted a selection of images from <a href=\"\/en\/sv\/bildgalleri\/view\/7\/\">summer Sunday services on the Hultan\u00e4s-\u00c5seda route<\/a>. If you have pictures from Smalsp\u00e5ret, all the way from V\u00e4xj\u00f6 in the south to V\u00e4stervik in the north, you are welcome to send them to us! Both old and new pictures are of interest.<\/p>\n<p>&nbsp;<\/p>\n<p><a href=\"\/en\/sv\/bildgalleri\/view\/7\/\"><img loading=\"lazy\" decoding=\"async\" class=\"size-full wp-image-193\" src=\"http:\/\/staging.smalsparet.com\/wp-content\/uploads\/2009\/08\/IMG_1722.jpg\" border=\"0\" alt=\"R\u00e4lssbussar i Hultan\u00e4s\" title=\"Rail buses in Hultan\u00e4s\" width=\"550\" height=\"325\" srcset=\"https:\/\/smalsparet.com\/wp-content\/uploads\/2009\/08\/IMG_1722.jpg 800w, https:\/\/smalsparet.com\/wp-content\/uploads\/2009\/08\/IMG_1722-300x177.jpg 300w, https:\/\/smalsparet.com\/wp-content\/uploads\/2009\/08\/IMG_1722-768x453.jpg 768w, https:\/\/smalsparet.com\/wp-content\/uploads\/2009\/08\/IMG_1722-600x354.jpg 600w\" sizes=\"auto, (max-width: 550px) 100vw, 550px\" \/><\/a><\/p>\n<p><em>The railway buses before departure Hultan\u00e4s on a sunny summer morning...<\/em> <\/p>","protected":false},"excerpt":{"rendered":"<p>We have posted a selection of pictures from this summer's Sunday traffic on the Hultan\u00e4s-\u00c5seda route. If you have pictures from the Smalsp\u00e5ret, all the way from V\u00e4xj\u00f6 in the south to V\u00e4stervik in the north, you are welcome to send them to us! Both old and new pictures are of interest.   The railbuses before departure Hultan\u00e4s a sunny summer morning...<\/p>","protected":false},"author":3,"featured_media":193,"comment_status":"open","ping_status":"open","sticky":false,"template":"","format":"standard","meta":{"om_disable_all_campaigns":false,"_uag_custom_page_level_css":"","_monsterinsights_skip_tracking":false,"site-sidebar-layout":"default","site-content-layout":"","ast-site-content-layout":"default","site-content-style":"default","site-sidebar-style":"default","ast-global-header-display":"","ast-banner-title-visibility":"","ast-main-header-display":"","ast-hfb-above-header-display":"","ast-hfb-below-header-display":"","ast-hfb-mobile-header-display":"","site-post-title":"","ast-breadcrumbs-content":"","ast-featured-img":"","footer-sml-layout":"","ast-disable-related-posts":"","theme-transparent-header-meta":"","adv-header-id-meta":"","stick-header-meta":"","header-above-stick-meta":"","header-main-stick-meta":"","header-below-stick-meta":"","astra-migrate-meta-layouts":"default","ast-page-background-enabled":"default","ast-page-background-meta":{"desktop":{"background-color":"","background-image":"","background-repeat":"repeat","background-position":"center center","background-size":"auto","background-attachment":"scroll","background-type":"","background-media":"","overlay-type":"","overlay-color":"","overlay-opacity":"","overlay-gradient":""},"tablet":{"background-color":"","background-image":"","background-repeat":"repeat","background-position":"center center","background-size":"auto","background-attachment":"scroll","background-type":"","background-media":"","overlay-type":"","overlay-color":"","overlay-opacity":"","overlay-gradient":""},"mobile":{"background-color":"","background-image":"","background-repeat":"repeat","background-position":"center center","background-size":"auto","background-attachment":"scroll","background-type":"","background-media":"","overlay-type":"","overlay-color":"","overlay-opacity":"","overlay-gradient":""}},"ast-content-background-meta":{"desktop":{"background-color":"var(--ast-global-color-5)","background-image":"","background-repeat":"repeat","background-position":"center center","background-size":"auto","background-attachment":"scroll","background-type":"","background-media":"","overlay-type":"","overlay-color":"","overlay-opacity":"","overlay-gradient":""},"tablet":{"background-color":"var(--ast-global-color-5)","background-image":"","background-repeat":"repeat","background-position":"center center","background-size":"auto","background-attachment":"scroll","background-type":"","background-media":"","overlay-type":"","overlay-color":"","overlay-opacity":"","overlay-gradient":""},"mobile":{"background-color":"var(--ast-global-color-5)","background-image":"","background-repeat":"repeat","background-position":"center center","background-size":"auto","background-attachment":"scroll","background-type":"","background-media":"","overlay-type":"","overlay-color":"","overlay-opacity":"","overlay-gradient":""}},"footnotes":""},"categories":[46],"tags":[],"class_list":["post-194","post","type-post","status-publish","format-standard","has-post-thumbnail","hentry","category-nyheter"],"aioseo_notices":[],"aioseo_head":"\n\t\t<!-- All in One SEO Pro 5.0.1 - aioseo.com -->\n\t<meta name=\"description\" content=\"Vi har lagt upp ett urval bilder fr\u00e5n sommarens s\u00f6ndagstrafik p\u00e5 str\u00e4ckan Hultan\u00e4s-\u00c5seda. Har du bilder fr\u00e5n Smalsp\u00e5ret, \u00e4nda fr\u00e5n V\u00e4xj\u00f6 i s\u00f6der till V\u00e4stervik i norr s\u00e5 \u00e4r du v\u00e4lkommen att skicka in det till oss! S\u00e5v\u00e4l gamla som nya bilder \u00e4r av intresse. R\u00e4lsbussarna innan avg\u00e5ng Hultan\u00e4s en solig sommarf\u00f6rmiddag...\" \/>\n\t<meta name=\"robots\" content=\"max-image-preview:large\" \/>\n\t<meta name=\"author\" content=\"Olaf\"\/>\n\t<link rel=\"canonical\" href=\"https:\/\/smalsparet.com\/en\/nya-bildgallerier-uppe-nu\/\" \/>\n\t<meta name=\"generator\" content=\"All in One SEO Pro (AIOSEO) 5.0.1\" \/>\n\t\t<meta property=\"og:locale\" content=\"en_GB\" \/>\n\t\t<meta property=\"og:site_name\" content=\"F\u00f6reningen Smalsp\u00e5ret V\u00e4xj\u00f6-V\u00e4stervik \u00bb Dressin och nostalgit\u00e5g p\u00e5 Smalsp\u00e5ret\" \/>\n\t\t<meta property=\"og:type\" content=\"article\" \/>\n\t\t<meta property=\"og:title\" content=\"Nya bildgallerier uppe nu! \u00bb F\u00f6reningen Smalsp\u00e5ret V\u00e4xj\u00f6-V\u00e4stervik\" \/>\n\t\t<meta property=\"og:description\" content=\"Vi har lagt upp ett urval bilder fr\u00e5n sommarens s\u00f6ndagstrafik p\u00e5 str\u00e4ckan Hultan\u00e4s-\u00c5seda. Har du bilder fr\u00e5n Smalsp\u00e5ret, \u00e4nda fr\u00e5n V\u00e4xj\u00f6 i s\u00f6der till V\u00e4stervik i norr s\u00e5 \u00e4r du v\u00e4lkommen att skicka in det till oss! S\u00e5v\u00e4l gamla som nya bilder \u00e4r av intresse. R\u00e4lsbussarna innan avg\u00e5ng Hultan\u00e4s en solig sommarf\u00f6rmiddag...\" \/>\n\t\t<meta property=\"og:url\" content=\"https:\/\/smalsparet.com\/en\/nya-bildgallerier-uppe-nu\/\" \/>\n\t\t<meta property=\"og:image\" content=\"https:\/\/smalsparet.com\/wp-content\/uploads\/2020\/12\/FSVV_symbol@2x.png\" \/>\n\t\t<meta property=\"og:image:secure_url\" content=\"https:\/\/smalsparet.com\/wp-content\/uploads\/2020\/12\/FSVV_symbol@2x.png\" \/>\n\t\t<meta property=\"og:image:width\" content=\"600\" \/>\n\t\t<meta property=\"og:image:height\" content=\"600\" \/>\n\t\t<meta property=\"article:published_time\" content=\"2009-08-18T17:26:07+00:00\" \/>\n\t\t<meta property=\"article:modified_time\" content=\"2009-08-18T17:26:07+00:00\" \/>\n\t\t<meta property=\"article:publisher\" content=\"https:\/\/www.facebook.com\/foreningensmalsparet\" \/>\n\t\t<meta name=\"twitter:card\" content=\"summary_large_image\" \/>\n\t\t<meta name=\"twitter:title\" content=\"Nya bildgallerier uppe nu! \u00bb F\u00f6reningen Smalsp\u00e5ret V\u00e4xj\u00f6-V\u00e4stervik\" \/>\n\t\t<meta name=\"twitter:description\" content=\"Vi har lagt upp ett urval bilder fr\u00e5n sommarens s\u00f6ndagstrafik p\u00e5 str\u00e4ckan Hultan\u00e4s-\u00c5seda. Har du bilder fr\u00e5n Smalsp\u00e5ret, \u00e4nda fr\u00e5n V\u00e4xj\u00f6 i s\u00f6der till V\u00e4stervik i norr s\u00e5 \u00e4r du v\u00e4lkommen att skicka in det till oss! S\u00e5v\u00e4l gamla som nya bilder \u00e4r av intresse. R\u00e4lsbussarna innan avg\u00e5ng Hultan\u00e4s en solig sommarf\u00f6rmiddag...\" \/>\n\t\t<meta name=\"twitter:image\" content=\"https:\/\/smalsparet.com\/wp-content\/uploads\/2020\/12\/FSVV_symbol@2x.png\" \/>\n\t\t<script type=\"application\/ld+json\" class=\"aioseo-schema\">\n\t\t\t{\"@context\":\"https:\\\/\\\/schema.org\",\"@graph\":[{\"@type\":\"BlogPosting\",\"@id\":\"https:\\\/\\\/smalsparet.com\\\/en\\\/nya-bildgallerier-uppe-nu\\\/#blogposting\",\"name\":\"Nya bildgallerier uppe nu! \\u00bb F\\u00f6reningen Smalsp\\u00e5ret V\\u00e4xj\\u00f6-V\\u00e4stervik\",\"headline\":\"Nya bildgallerier uppe nu!\",\"author\":{\"@id\":\"https:\\\/\\\/smalsparet.com\\\/en\\\/author\\\/olalid\\\/#author\"},\"publisher\":{\"@id\":\"https:\\\/\\\/smalsparet.com\\\/en\\\/#organization\"},\"image\":{\"@type\":\"ImageObject\",\"url\":\"https:\\\/\\\/smalsparet.com\\\/wp-content\\\/uploads\\\/2009\\\/08\\\/IMG_1722.jpg\",\"width\":800,\"height\":472,\"caption\":\"R\\u00e4lssbussar i Hultan\\u00e4s\"},\"datePublished\":\"2009-08-18T17:26:07+00:00\",\"dateModified\":\"2009-08-18T17:26:07+00:00\",\"inLanguage\":\"en-GB\",\"mainEntityOfPage\":{\"@id\":\"https:\\\/\\\/smalsparet.com\\\/en\\\/nya-bildgallerier-uppe-nu\\\/#webpage\"},\"isPartOf\":{\"@id\":\"https:\\\/\\\/smalsparet.com\\\/en\\\/nya-bildgallerier-uppe-nu\\\/#webpage\"},\"articleSection\":\"Nyheter\"},{\"@type\":\"BreadcrumbList\",\"@id\":\"https:\\\/\\\/smalsparet.com\\\/en\\\/nya-bildgallerier-uppe-nu\\\/#breadcrumblist\",\"itemListElement\":[{\"@type\":\"ListItem\",\"@id\":\"https:\\\/\\\/smalsparet.com\\\/en#listItem\",\"position\":1,\"name\":\"Home\",\"item\":\"https:\\\/\\\/smalsparet.com\\\/en\",\"nextItem\":{\"@type\":\"ListItem\",\"@id\":\"https:\\\/\\\/smalsparet.com\\\/en\\\/category\\\/nyheter\\\/#listItem\",\"name\":\"Nyheter\"}},{\"@type\":\"ListItem\",\"@id\":\"https:\\\/\\\/smalsparet.com\\\/en\\\/category\\\/nyheter\\\/#listItem\",\"position\":2,\"name\":\"Nyheter\",\"item\":\"https:\\\/\\\/smalsparet.com\\\/en\\\/category\\\/nyheter\\\/\",\"nextItem\":{\"@type\":\"ListItem\",\"@id\":\"https:\\\/\\\/smalsparet.com\\\/en\\\/nya-bildgallerier-uppe-nu\\\/#listItem\",\"name\":\"Nya bildgallerier uppe nu!\"},\"previousItem\":{\"@type\":\"ListItem\",\"@id\":\"https:\\\/\\\/smalsparet.com\\\/en#listItem\",\"name\":\"Home\"}},{\"@type\":\"ListItem\",\"@id\":\"https:\\\/\\\/smalsparet.com\\\/en\\\/nya-bildgallerier-uppe-nu\\\/#listItem\",\"position\":3,\"name\":\"Nya bildgallerier uppe nu!\",\"previousItem\":{\"@type\":\"ListItem\",\"@id\":\"https:\\\/\\\/smalsparet.com\\\/en\\\/category\\\/nyheter\\\/#listItem\",\"name\":\"Nyheter\"}}]},{\"@type\":\"Organization\",\"@id\":\"https:\\\/\\\/smalsparet.com\\\/en\\\/#organization\",\"name\":\"F\\u00f6reningen Smalsp\\u00e5ret V\\u00e4xj\\u00f6-V\\u00e4stervik\",\"description\":\"Dressin och nostalgit\\u00e5g p\\u00e5 Smalsp\\u00e5ret\",\"url\":\"https:\\\/\\\/smalsparet.com\\\/en\\\/\",\"telephone\":\"+4649510808\",\"logo\":{\"@type\":\"ImageObject\",\"url\":\"https:\\\/\\\/smalsparet.com\\\/wp-content\\\/uploads\\\/2020\\\/12\\\/FSVV_symbol@2x.png\",\"@id\":\"https:\\\/\\\/smalsparet.com\\\/en\\\/nya-bildgallerier-uppe-nu\\\/#organizationLogo\",\"width\":600,\"height\":600,\"caption\":\"F\\u00f6reningen Smalsp\\u00e5ret V\\u00e4xj\\u00f6-V\\u00e4stervik\"},\"image\":{\"@id\":\"https:\\\/\\\/smalsparet.com\\\/en\\\/nya-bildgallerier-uppe-nu\\\/#organizationLogo\"},\"sameAs\":[\"https:\\\/\\\/www.facebook.com\\\/foreningensmalsparet\",\"https:\\\/\\\/www.instagram.com\\\/smalsparet\\\/\"]},{\"@type\":\"Person\",\"@id\":\"https:\\\/\\\/smalsparet.com\\\/en\\\/author\\\/olalid\\\/#author\",\"url\":\"https:\\\/\\\/smalsparet.com\\\/en\\\/author\\\/olalid\\\/\",\"name\":\"Olaf\",\"image\":{\"@type\":\"ImageObject\",\"@id\":\"https:\\\/\\\/smalsparet.com\\\/en\\\/nya-bildgallerier-uppe-nu\\\/#authorImage\",\"url\":\"https:\\\/\\\/secure.gravatar.com\\\/avatar\\\/c1e94686a836cf21d377ff0b1948894069878df523219639b42ac1aedf49e23b?s=96&d=mm&r=g\",\"width\":96,\"height\":96,\"caption\":\"Olaf\"}},{\"@type\":\"WebPage\",\"@id\":\"https:\\\/\\\/smalsparet.com\\\/en\\\/nya-bildgallerier-uppe-nu\\\/#webpage\",\"url\":\"https:\\\/\\\/smalsparet.com\\\/en\\\/nya-bildgallerier-uppe-nu\\\/\",\"name\":\"Nya bildgallerier uppe nu! \\u00bb F\\u00f6reningen Smalsp\\u00e5ret V\\u00e4xj\\u00f6-V\\u00e4stervik\",\"description\":\"Vi har lagt upp ett urval bilder fr\\u00e5n sommarens s\\u00f6ndagstrafik p\\u00e5 str\\u00e4ckan Hultan\\u00e4s-\\u00c5seda. Har du bilder fr\\u00e5n Smalsp\\u00e5ret, \\u00e4nda fr\\u00e5n V\\u00e4xj\\u00f6 i s\\u00f6der till V\\u00e4stervik i norr s\\u00e5 \\u00e4r du v\\u00e4lkommen att skicka in det till oss! S\\u00e5v\\u00e4l gamla som nya bilder \\u00e4r av intresse. R\\u00e4lsbussarna innan avg\\u00e5ng Hultan\\u00e4s en solig sommarf\\u00f6rmiddag...\",\"inLanguage\":\"en-GB\",\"isPartOf\":{\"@id\":\"https:\\\/\\\/smalsparet.com\\\/en\\\/#website\"},\"breadcrumb\":{\"@id\":\"https:\\\/\\\/smalsparet.com\\\/en\\\/nya-bildgallerier-uppe-nu\\\/#breadcrumblist\"},\"author\":{\"@id\":\"https:\\\/\\\/smalsparet.com\\\/en\\\/author\\\/olalid\\\/#author\"},\"creator\":{\"@id\":\"https:\\\/\\\/smalsparet.com\\\/en\\\/author\\\/olalid\\\/#author\"},\"image\":{\"@type\":\"ImageObject\",\"url\":\"https:\\\/\\\/smalsparet.com\\\/wp-content\\\/uploads\\\/2009\\\/08\\\/IMG_1722.jpg\",\"@id\":\"https:\\\/\\\/smalsparet.com\\\/en\\\/nya-bildgallerier-uppe-nu\\\/#mainImage\",\"width\":800,\"height\":472,\"caption\":\"R\\u00e4lssbussar i Hultan\\u00e4s\"},\"primaryImageOfPage\":{\"@id\":\"https:\\\/\\\/smalsparet.com\\\/en\\\/nya-bildgallerier-uppe-nu\\\/#mainImage\"},\"datePublished\":\"2009-08-18T17:26:07+00:00\",\"dateModified\":\"2009-08-18T17:26:07+00:00\"},{\"@type\":\"WebSite\",\"@id\":\"https:\\\/\\\/smalsparet.com\\\/en\\\/#website\",\"url\":\"https:\\\/\\\/smalsparet.com\\\/en\\\/\",\"name\":\"F\\u00f6reningen Smalsp\\u00e5ret V\\u00e4xj\\u00f6-V\\u00e4stervik\",\"alternateName\":\"Smalsp\\u00e5ret\",\"description\":\"Dressin och nostalgit\\u00e5g p\\u00e5 Smalsp\\u00e5ret\",\"inLanguage\":\"en-GB\",\"publisher\":{\"@id\":\"https:\\\/\\\/smalsparet.com\\\/en\\\/#organization\"}}]}\n\t\t<\/script>\n\t\t<!-- All in One SEO Pro -->\r\n\t\t<title>Nya bildgallerier uppe nu! \u00bb F\u00f6reningen Smalsp\u00e5ret V\u00e4xj\u00f6-V\u00e4stervik<\/title>\n\n","aioseo_head_json":{"title":"Nya bildgallerier uppe nu! \u00bb F\u00f6reningen Smalsp\u00e5ret V\u00e4xj\u00f6-V\u00e4stervik","description":"Vi har lagt upp ett urval bilder fr\u00e5n sommarens s\u00f6ndagstrafik p\u00e5 str\u00e4ckan Hultan\u00e4s-\u00c5seda. Har du bilder fr\u00e5n Smalsp\u00e5ret, \u00e4nda fr\u00e5n V\u00e4xj\u00f6 i s\u00f6der till V\u00e4stervik i norr s\u00e5 \u00e4r du v\u00e4lkommen att skicka in det till oss! S\u00e5v\u00e4l gamla som nya bilder \u00e4r av intresse. R\u00e4lsbussarna innan avg\u00e5ng Hultan\u00e4s en solig sommarf\u00f6rmiddag...","canonical_url":"https:\/\/smalsparet.com\/en\/nya-bildgallerier-uppe-nu\/","robots":"max-image-preview:large","keywords":"","webmasterTools":{"miscellaneous":""},"schema":{"@context":"https:\/\/schema.org","@graph":[{"@type":"BlogPosting","@id":"https:\/\/smalsparet.com\/en\/nya-bildgallerier-uppe-nu\/#blogposting","name":"Nya bildgallerier uppe nu! \u00bb F\u00f6reningen Smalsp\u00e5ret V\u00e4xj\u00f6-V\u00e4stervik","headline":"Nya bildgallerier uppe nu!","author":{"@id":"https:\/\/smalsparet.com\/en\/author\/olalid\/#author"},"publisher":{"@id":"https:\/\/smalsparet.com\/en\/#organization"},"image":{"@type":"ImageObject","url":"https:\/\/smalsparet.com\/wp-content\/uploads\/2009\/08\/IMG_1722.jpg","width":800,"height":472,"caption":"R\u00e4lssbussar i Hultan\u00e4s"},"datePublished":"2009-08-18T17:26:07+00:00","dateModified":"2009-08-18T17:26:07+00:00","inLanguage":"en-GB","mainEntityOfPage":{"@id":"https:\/\/smalsparet.com\/en\/nya-bildgallerier-uppe-nu\/#webpage"},"isPartOf":{"@id":"https:\/\/smalsparet.com\/en\/nya-bildgallerier-uppe-nu\/#webpage"},"articleSection":"Nyheter"},{"@type":"BreadcrumbList","@id":"https:\/\/smalsparet.com\/en\/nya-bildgallerier-uppe-nu\/#breadcrumblist","itemListElement":[{"@type":"ListItem","@id":"https:\/\/smalsparet.com\/en#listItem","position":1,"name":"Home","item":"https:\/\/smalsparet.com\/en","nextItem":{"@type":"ListItem","@id":"https:\/\/smalsparet.com\/en\/category\/nyheter\/#listItem","name":"Nyheter"}},{"@type":"ListItem","@id":"https:\/\/smalsparet.com\/en\/category\/nyheter\/#listItem","position":2,"name":"Nyheter","item":"https:\/\/smalsparet.com\/en\/category\/nyheter\/","nextItem":{"@type":"ListItem","@id":"https:\/\/smalsparet.com\/en\/nya-bildgallerier-uppe-nu\/#listItem","name":"Nya bildgallerier uppe nu!"},"previousItem":{"@type":"ListItem","@id":"https:\/\/smalsparet.com\/en#listItem","name":"Home"}},{"@type":"ListItem","@id":"https:\/\/smalsparet.com\/en\/nya-bildgallerier-uppe-nu\/#listItem","position":3,"name":"Nya bildgallerier uppe nu!","previousItem":{"@type":"ListItem","@id":"https:\/\/smalsparet.com\/en\/category\/nyheter\/#listItem","name":"Nyheter"}}]},{"@type":"Organization","@id":"https:\/\/smalsparet.com\/en\/#organization","name":"F\u00f6reningen Smalsp\u00e5ret V\u00e4xj\u00f6-V\u00e4stervik","description":"Dressin och nostalgit\u00e5g p\u00e5 Smalsp\u00e5ret","url":"https:\/\/smalsparet.com\/en\/","telephone":"+4649510808","logo":{"@type":"ImageObject","url":"https:\/\/smalsparet.com\/wp-content\/uploads\/2020\/12\/FSVV_symbol@2x.png","@id":"https:\/\/smalsparet.com\/en\/nya-bildgallerier-uppe-nu\/#organizationLogo","width":600,"height":600,"caption":"F\u00f6reningen Smalsp\u00e5ret V\u00e4xj\u00f6-V\u00e4stervik"},"image":{"@id":"https:\/\/smalsparet.com\/en\/nya-bildgallerier-uppe-nu\/#organizationLogo"},"sameAs":["https:\/\/www.facebook.com\/foreningensmalsparet","https:\/\/www.instagram.com\/smalsparet\/"]},{"@type":"Person","@id":"https:\/\/smalsparet.com\/en\/author\/olalid\/#author","url":"https:\/\/smalsparet.com\/en\/author\/olalid\/","name":"Olaf","image":{"@type":"ImageObject","@id":"https:\/\/smalsparet.com\/en\/nya-bildgallerier-uppe-nu\/#authorImage","url":"https:\/\/secure.gravatar.com\/avatar\/c1e94686a836cf21d377ff0b1948894069878df523219639b42ac1aedf49e23b?s=96&d=mm&r=g","width":96,"height":96,"caption":"Olaf"}},{"@type":"WebPage","@id":"https:\/\/smalsparet.com\/en\/nya-bildgallerier-uppe-nu\/#webpage","url":"https:\/\/smalsparet.com\/en\/nya-bildgallerier-uppe-nu\/","name":"Nya bildgallerier uppe nu! \u00bb F\u00f6reningen Smalsp\u00e5ret V\u00e4xj\u00f6-V\u00e4stervik","description":"Vi har lagt upp ett urval bilder fr\u00e5n sommarens s\u00f6ndagstrafik p\u00e5 str\u00e4ckan Hultan\u00e4s-\u00c5seda. Har du bilder fr\u00e5n Smalsp\u00e5ret, \u00e4nda fr\u00e5n V\u00e4xj\u00f6 i s\u00f6der till V\u00e4stervik i norr s\u00e5 \u00e4r du v\u00e4lkommen att skicka in det till oss! S\u00e5v\u00e4l gamla som nya bilder \u00e4r av intresse. R\u00e4lsbussarna innan avg\u00e5ng Hultan\u00e4s en solig sommarf\u00f6rmiddag...","inLanguage":"en-GB","isPartOf":{"@id":"https:\/\/smalsparet.com\/en\/#website"},"breadcrumb":{"@id":"https:\/\/smalsparet.com\/en\/nya-bildgallerier-uppe-nu\/#breadcrumblist"},"author":{"@id":"https:\/\/smalsparet.com\/en\/author\/olalid\/#author"},"creator":{"@id":"https:\/\/smalsparet.com\/en\/author\/olalid\/#author"},"image":{"@type":"ImageObject","url":"https:\/\/smalsparet.com\/wp-content\/uploads\/2009\/08\/IMG_1722.jpg","@id":"https:\/\/smalsparet.com\/en\/nya-bildgallerier-uppe-nu\/#mainImage","width":800,"height":472,"caption":"R\u00e4lssbussar i Hultan\u00e4s"},"primaryImageOfPage":{"@id":"https:\/\/smalsparet.com\/en\/nya-bildgallerier-uppe-nu\/#mainImage"},"datePublished":"2009-08-18T17:26:07+00:00","dateModified":"2009-08-18T17:26:07+00:00"},{"@type":"WebSite","@id":"https:\/\/smalsparet.com\/en\/#website","url":"https:\/\/smalsparet.com\/en\/","name":"F\u00f6reningen Smalsp\u00e5ret V\u00e4xj\u00f6-V\u00e4stervik","alternateName":"Smalsp\u00e5ret","description":"Dressin och nostalgit\u00e5g p\u00e5 Smalsp\u00e5ret","inLanguage":"en-GB","publisher":{"@id":"https:\/\/smalsparet.com\/en\/#organization"}}]},"og:locale":"en_GB","og:site_name":"F\u00f6reningen Smalsp\u00e5ret V\u00e4xj\u00f6-V\u00e4stervik \u00bb Dressin och nostalgit\u00e5g p\u00e5 Smalsp\u00e5ret","og:type":"article","og:title":"Nya bildgallerier uppe nu! \u00bb F\u00f6reningen Smalsp\u00e5ret V\u00e4xj\u00f6-V\u00e4stervik","og:description":"Vi har lagt upp ett urval bilder fr\u00e5n sommarens s\u00f6ndagstrafik p\u00e5 str\u00e4ckan Hultan\u00e4s-\u00c5seda. Har du bilder fr\u00e5n Smalsp\u00e5ret, \u00e4nda fr\u00e5n V\u00e4xj\u00f6 i s\u00f6der till V\u00e4stervik i norr s\u00e5 \u00e4r du v\u00e4lkommen att skicka in det till oss! S\u00e5v\u00e4l gamla som nya bilder \u00e4r av intresse. R\u00e4lsbussarna innan avg\u00e5ng Hultan\u00e4s en solig sommarf\u00f6rmiddag...","og:url":"https:\/\/smalsparet.com\/en\/nya-bildgallerier-uppe-nu\/","og:image":"https:\/\/smalsparet.com\/wp-content\/uploads\/2020\/12\/FSVV_symbol@2x.png","og:image:secure_url":"https:\/\/smalsparet.com\/wp-content\/uploads\/2020\/12\/FSVV_symbol@2x.png","og:image:width":600,"og:image:height":600,"article:published_time":"2009-08-18T17:26:07+00:00","article:modified_time":"2009-08-18T17:26:07+00:00","article:publisher":"https:\/\/www.facebook.com\/foreningensmalsparet","twitter:card":"summary_large_image","twitter:title":"Nya bildgallerier uppe nu! \u00bb F\u00f6reningen Smalsp\u00e5ret V\u00e4xj\u00f6-V\u00e4stervik","twitter:description":"Vi har lagt upp ett urval bilder fr\u00e5n sommarens s\u00f6ndagstrafik p\u00e5 str\u00e4ckan Hultan\u00e4s-\u00c5seda. Har du bilder fr\u00e5n Smalsp\u00e5ret, \u00e4nda fr\u00e5n V\u00e4xj\u00f6 i s\u00f6der till V\u00e4stervik i norr s\u00e5 \u00e4r du v\u00e4lkommen att skicka in det till oss! S\u00e5v\u00e4l gamla som nya bilder \u00e4r av intresse. R\u00e4lsbussarna innan avg\u00e5ng Hultan\u00e4s en solig sommarf\u00f6rmiddag...","twitter:image":"https:\/\/smalsparet.com\/wp-content\/uploads\/2020\/12\/FSVV_symbol@2x.png"},"aioseo_meta_data":{"post_id":"194","title":null,"description":null,"keywords":null,"keyphrases":null,"primary_term":null,"canonical_url":null,"og_title":null,"og_description":null,"og_object_type":"default","og_image_type":"default","og_image_url":null,"og_image_width":null,"og_image_height":null,"og_image_custom_url":null,"og_image_custom_fields":null,"og_video":null,"og_custom_url":null,"og_article_section":null,"og_article_tags":null,"twitter_use_og":false,"twitter_card":"default","twitter_image_type":"default","twitter_image_url":null,"twitter_image_custom_url":null,"twitter_image_custom_fields":null,"twitter_title":null,"twitter_description":null,"schema":{"blockGraphs":[],"customGraphs":[],"default":{"data":{"Article":[],"Course":[],"Dataset":[],"FAQPage":[],"Movie":[],"Person":[],"Product":[],"ProductReview":[],"Car":[],"Recipe":[],"Service":[],"SoftwareApplication":[],"WebPage":[]},"graphName":"","isEnabled":true},"graphs":[]},"schema_type":"default","schema_type_options":null,"pillar_content":false,"robots_default":true,"robots_noindex":false,"robots_noarchive":false,"robots_nosnippet":false,"robots_nofollow":false,"robots_noimageindex":false,"robots_noodp":false,"robots_notranslate":false,"robots_max_snippet":null,"robots_max_videopreview":null,"robots_max_imagepreview":"large","priority":null,"frequency":null,"local_seo":null,"seo_analyzer_scan_date":"2026-07-16 18:01:34","breadcrumb_settings":null,"limit_modified_date":false,"open_ai":null,"ai":null,"created":"2024-01-10 19:37:57","updated":"2026-07-16 18:01:34","focus_keyword":null,"additional_keywords":null,"truseo_locale":null},"aioseo_breadcrumb":"<div class=\"aioseo-breadcrumbs\"><span class=\"aioseo-breadcrumb\">\n\t<a href=\"https:\/\/smalsparet.com\/en\" title=\"Home\">Home<\/a>\n<\/span><span class=\"aioseo-breadcrumb-separator\">&raquo;<\/span><span class=\"aioseo-breadcrumb\">\n\t<a href=\"https:\/\/smalsparet.com\/en\/category\/nyheter\/\" title=\"Nyheter\">Nyheter<\/a>\n<\/span><span class=\"aioseo-breadcrumb-separator\">&raquo;<\/span><span class=\"aioseo-breadcrumb\">\n\tNya bildgallerier uppe nu!\n<\/span><\/div>","aioseo_breadcrumb_json":[{"label":"Home","link":"https:\/\/smalsparet.com\/en"},{"label":"Nyheter","link":"https:\/\/smalsparet.com\/en\/category\/nyheter\/"},{"label":"Nya bildgallerier uppe nu!","link":"https:\/\/smalsparet.com\/en\/nya-bildgallerier-uppe-nu\/"}],"spectra_custom_meta":{"_thumbnail_id":["193"],"_fgj2wp_old_id":["63"],"_uag_page_assets":["a:9:{s:3:\"css\";s:0:\"\";s:2:\"js\";s:0:\"\";s:18:\"current_block_list\";a:5:{i:0;s:26:\"woocommerce\/product-search\";i:1;s:10:\"core\/group\";i:2;s:12:\"core\/heading\";i:3;s:27:\"woocommerce\/product-on-sale\";i:4;s:32:\"woocommerce\/product-best-sellers\";}s:8:\"uag_flag\";b:0;s:11:\"uag_version\";s:10:\"1788445938\";s:6:\"gfonts\";a:0:{}s:10:\"gfonts_url\";s:0:\"\";s:12:\"gfonts_files\";a:0:{}s:14:\"uag_faq_layout\";b:0;}"]},"uagb_featured_image_src":{"full":["https:\/\/smalsparet.com\/wp-content\/uploads\/2009\/08\/IMG_1722.jpg",800,472,false],"thumbnail":["https:\/\/smalsparet.com\/wp-content\/uploads\/2009\/08\/IMG_1722-150x150.jpg",150,150,true],"medium":["https:\/\/smalsparet.com\/wp-content\/uploads\/2009\/08\/IMG_1722-300x177.jpg",300,177,true],"medium_large":["https:\/\/smalsparet.com\/wp-content\/uploads\/2009\/08\/IMG_1722-768x453.jpg",768,453,true],"large":["https:\/\/smalsparet.com\/wp-content\/uploads\/2009\/08\/IMG_1722.jpg",800,472,false],"1536x1536":["https:\/\/smalsparet.com\/wp-content\/uploads\/2009\/08\/IMG_1722.jpg",800,472,false],"2048x2048":["https:\/\/smalsparet.com\/wp-content\/uploads\/2009\/08\/IMG_1722.jpg",800,472,false],"trp-custom-language-flag":["https:\/\/smalsparet.com\/wp-content\/uploads\/2009\/08\/IMG_1722.jpg",18,12,false],"woocommerce_thumbnail":["https:\/\/smalsparet.com\/wp-content\/uploads\/2009\/08\/IMG_1722-300x300.jpg",300,300,true],"woocommerce_single":["https:\/\/smalsparet.com\/wp-content\/uploads\/2009\/08\/IMG_1722-600x354.jpg",600,354,true],"woocommerce_gallery_thumbnail":["https:\/\/smalsparet.com\/wp-content\/uploads\/2009\/08\/IMG_1722-100x100.jpg",100,100,true],"awb_sm":["https:\/\/smalsparet.com\/wp-content\/uploads\/2009\/08\/IMG_1722.jpg",500,295,false],"awb_md":["https:\/\/smalsparet.com\/wp-content\/uploads\/2009\/08\/IMG_1722.jpg",800,472,false],"awb_lg":["https:\/\/smalsparet.com\/wp-content\/uploads\/2009\/08\/IMG_1722.jpg",800,472,false],"awb_xl":["https:\/\/smalsparet.com\/wp-content\/uploads\/2009\/08\/IMG_1722.jpg",800,472,false]},"uagb_author_info":{"display_name":"Olaf","author_link":"https:\/\/smalsparet.com\/en\/author\/olalid\/"},"uagb_comment_info":0,"uagb_excerpt":"Vi har lagt upp ett urval bilder fr\u00e5n sommarens s\u00f6ndagstrafik p\u00e5 str\u00e4ckan Hultan\u00e4s-\u00c5seda. Har du bilder fr\u00e5n Smalsp\u00e5ret, \u00e4nda fr\u00e5n V\u00e4xj\u00f6 i s\u00f6der till V\u00e4stervik i norr s\u00e5 \u00e4r du v\u00e4lkommen att skicka in det till oss! S\u00e5v\u00e4l gamla som nya bilder \u00e4r av intresse. &nbsp; R\u00e4lsbussarna innan avg\u00e5ng Hultan\u00e4s en solig sommarf\u00f6rmiddag&#8230;","_links":{"self":[{"href":"https:\/\/smalsparet.com\/en\/wp-json\/wp\/v2\/posts\/194","targetHints":{"allow":["GET"]}}],"collection":[{"href":"https:\/\/smalsparet.com\/en\/wp-json\/wp\/v2\/posts"}],"about":[{"href":"https:\/\/smalsparet.com\/en\/wp-json\/wp\/v2\/types\/post"}],"author":[{"embeddable":true,"href":"https:\/\/smalsparet.com\/en\/wp-json\/wp\/v2\/users\/3"}],"replies":[{"embeddable":true,"href":"https:\/\/smalsparet.com\/en\/wp-json\/wp\/v2\/comments?post=194"}],"version-history":[{"count":0,"href":"https:\/\/smalsparet.com\/en\/wp-json\/wp\/v2\/posts\/194\/revisions"}],"wp:featuredmedia":[{"embeddable":true,"href":"https:\/\/smalsparet.com\/en\/wp-json\/wp\/v2\/media\/193"}],"wp:attachment":[{"href":"https:\/\/smalsparet.com\/en\/wp-json\/wp\/v2\/media?parent=194"}],"wp:term":[{"taxonomy":"category","embeddable":true,"href":"https:\/\/smalsparet.com\/en\/wp-json\/wp\/v2\/categories?post=194"},{"taxonomy":"post_tag","embeddable":true,"href":"https:\/\/smalsparet.com\/en\/wp-json\/wp\/v2\/tags?post=194"}],"curies":[{"name":"wp","href":"https:\/\/api.w.org\/{rel}","templated":true}]}}