{"id":4919,"date":"2021-09-12T14:02:52","date_gmt":"2021-09-12T14:02:52","guid":{"rendered":"https:\/\/smalsparet.com\/?p=4919"},"modified":"2021-09-12T15:06:03","modified_gmt":"2021-09-12T15:06:03","slug":"flaten-station-aterinvigd","status":"publish","type":"post","link":"https:\/\/smalsparet.com\/de\/flaten-station-aterinvigd\/","title":{"rendered":"Bahnhof Flaten wiederer\u00f6ffnet"},"content":{"rendered":"<p>Das Bahnhofsgeb\u00e4ude in Flaten wurde 2017 vom Verein zur\u00fcckgekauft, nachdem es viele Jahre in Privatbesitz war. Nach vier Jahren Renovierung und sehr vielen freiwilligen Arbeitsstunden wurde der Bahnhof am Sonntag, den 12. September, wiederer\u00f6ffnet. Um 13.00 Uhr hielt der Vorsitzende Peter V. Christensen eine Rede und \u00fcbergab dann das Wort an den Historiker Stig-\u00c5ke Petersson, der \u00fcber die Geschichte des Bahnhofs und der Eisenbahn sprach. Von der Geschichte zur Gegenwart ergriff Otto, der Leiter des Restaurierungsprojekts, das Wort und sprach \u00fcber die durchgef\u00fchrten Renovierungsarbeiten.<\/p>\n\n\n\n<p>Gemeinderat Lars Rosander schloss die Zeremonie mit dem feierlichen Durchschneiden des Bandes ab und erkl\u00e4rte dann den Bahnhof f\u00fcr wiederer\u00f6ffnet, 99 Jahre nachdem die Eisenbahn in die Gemeinde Flathult kam.<\/p>\n\n\n\n<p>Im Namen des Vereins m\u00f6chten wir uns bei allen Mitgliedern bedanken, die zu dem Projekt beigetragen haben und es erm\u00f6glicht haben, das Bahnhofsumfeld zu renovieren und den Tourismus in der Region zu f\u00f6rdern. <strong>Ich danke Ihnen!<\/strong><\/p>\n\n\n\n<figure class=\"wp-block-embed is-type-video is-provider-youtube wp-block-embed-youtube wp-embed-aspect-4-3 wp-has-aspect-ratio\"><div class=\"wp-block-embed__wrapper\">\n<iframe loading=\"lazy\" title=\"Wiederer\u00f6ffnung des Bahnhofs Flaten - 99 Jahre sp\u00e4ter\" width=\"500\" height=\"281\" src=\"https:\/\/www.youtube.com\/embed\/dWqIG3wwL3Q?feature=oembed\" frameborder=\"0\" allow=\"accelerometer; autoplay; clipboard-write; encrypted-media; gyroscope; picture-in-picture; web-share\" referrerpolicy=\"strict-origin-when-cross-origin\" allowfullscreen><\/iframe>\n<\/div><\/figure>\n\n\n\n<figure class=\"wp-block-gallery columns-3 is-cropped wp-block-gallery-1 is-layout-flex wp-block-gallery-is-layout-flex\"><ul class=\"blocks-gallery-grid\"><li class=\"blocks-gallery-item\"><figure><img loading=\"lazy\" decoding=\"async\" width=\"768\" height=\"1024\" src=\"https:\/\/smalsparet.com\/wp-content\/uploads\/2021\/09\/flaten1-768x1024.jpeg\" alt=\"\" data-id=\"4920\" data-full-url=\"https:\/\/smalsparet.com\/wp-content\/uploads\/2021\/09\/flaten1.jpeg\" data-link=\"https:\/\/smalsparet.com\/?attachment_id=4920\" class=\"wp-image-4920\" srcset=\"https:\/\/smalsparet.com\/wp-content\/uploads\/2021\/09\/flaten1-768x1024.jpeg 768w, https:\/\/smalsparet.com\/wp-content\/uploads\/2021\/09\/flaten1-225x300.jpeg 225w, https:\/\/smalsparet.com\/wp-content\/uploads\/2021\/09\/flaten1-1152x1536.jpeg 1152w, https:\/\/smalsparet.com\/wp-content\/uploads\/2021\/09\/flaten1-600x800.jpeg 600w, https:\/\/smalsparet.com\/wp-content\/uploads\/2021\/09\/flaten1.jpeg 1536w\" sizes=\"auto, (max-width: 768px) 100vw, 768px\" \/><figcaption class=\"blocks-gallery-item__caption\">Stadtrat Lars Rosander schneidet das Band durch und erkl\u00e4rt den Bahnhof f\u00fcr wiederer\u00f6ffnet<\/figcaption><\/figure><\/li><li class=\"blocks-gallery-item\"><figure><img loading=\"lazy\" decoding=\"async\" width=\"768\" height=\"1024\" src=\"https:\/\/smalsparet.com\/wp-content\/uploads\/2021\/09\/flaten2-768x1024.jpeg\" alt=\"\" data-id=\"4921\" data-full-url=\"https:\/\/smalsparet.com\/wp-content\/uploads\/2021\/09\/flaten2.jpeg\" data-link=\"https:\/\/smalsparet.com\/?attachment_id=4921\" class=\"wp-image-4921\" srcset=\"https:\/\/smalsparet.com\/wp-content\/uploads\/2021\/09\/flaten2-768x1024.jpeg 768w, https:\/\/smalsparet.com\/wp-content\/uploads\/2021\/09\/flaten2-225x300.jpeg 225w, https:\/\/smalsparet.com\/wp-content\/uploads\/2021\/09\/flaten2-1152x1536.jpeg 1152w, https:\/\/smalsparet.com\/wp-content\/uploads\/2021\/09\/flaten2-600x800.jpeg 600w, https:\/\/smalsparet.com\/wp-content\/uploads\/2021\/09\/flaten2.jpeg 1536w\" sizes=\"auto, (max-width: 768px) 100vw, 768px\" \/><figcaption class=\"blocks-gallery-item__caption\">Ingemar H\u00f6gstr\u00f6m, Sohn der letzten Bahnhofsw\u00e4rterin Stina H\u00f6gstr\u00f6m, hisst die Flagge am Bahnhof<\/figcaption><\/figure><\/li><li class=\"blocks-gallery-item\"><figure><img loading=\"lazy\" decoding=\"async\" width=\"1024\" height=\"768\" src=\"https:\/\/smalsparet.com\/wp-content\/uploads\/2021\/09\/flaten3-1024x768.jpeg\" alt=\"\" data-id=\"4922\" data-full-url=\"https:\/\/smalsparet.com\/wp-content\/uploads\/2021\/09\/flaten3.jpeg\" data-link=\"https:\/\/smalsparet.com\/?attachment_id=4922\" class=\"wp-image-4922\" srcset=\"https:\/\/smalsparet.com\/wp-content\/uploads\/2021\/09\/flaten3-1024x768.jpeg 1024w, https:\/\/smalsparet.com\/wp-content\/uploads\/2021\/09\/flaten3-300x225.jpeg 300w, https:\/\/smalsparet.com\/wp-content\/uploads\/2021\/09\/flaten3-768x576.jpeg 768w, https:\/\/smalsparet.com\/wp-content\/uploads\/2021\/09\/flaten3-1536x1152.jpeg 1536w, https:\/\/smalsparet.com\/wp-content\/uploads\/2021\/09\/flaten3-600x450.jpeg 600w, https:\/\/smalsparet.com\/wp-content\/uploads\/2021\/09\/flaten3.jpeg 2048w\" sizes=\"auto, (max-width: 1024px) 100vw, 1024px\" \/><figcaption class=\"blocks-gallery-item__caption\">Lars Rosander \u00fcberreicht eine Plakette als Anerkennung f\u00fcr das Engagement und die Arbeit an dem Projekt<\/figcaption><\/figure><\/li><li class=\"blocks-gallery-item\"><figure><img loading=\"lazy\" decoding=\"async\" width=\"1024\" height=\"461\" src=\"https:\/\/smalsparet.com\/wp-content\/uploads\/2021\/09\/20210912_133131-1024x461.jpg\" alt=\"\" data-id=\"4923\" data-full-url=\"https:\/\/smalsparet.com\/wp-content\/uploads\/2021\/09\/20210912_133131-scaled.jpg\" data-link=\"https:\/\/smalsparet.com\/?attachment_id=4923\" class=\"wp-image-4923\" srcset=\"https:\/\/smalsparet.com\/wp-content\/uploads\/2021\/09\/20210912_133131-1024x461.jpg 1024w, https:\/\/smalsparet.com\/wp-content\/uploads\/2021\/09\/20210912_133131-300x135.jpg 300w, https:\/\/smalsparet.com\/wp-content\/uploads\/2021\/09\/20210912_133131-768x346.jpg 768w, https:\/\/smalsparet.com\/wp-content\/uploads\/2021\/09\/20210912_133131-1536x691.jpg 1536w, https:\/\/smalsparet.com\/wp-content\/uploads\/2021\/09\/20210912_133131-2048x922.jpg 2048w, https:\/\/smalsparet.com\/wp-content\/uploads\/2021\/09\/20210912_133131-600x270.jpg 600w\" sizes=\"auto, (max-width: 1024px) 100vw, 1024px\" \/><figcaption class=\"blocks-gallery-item__caption\">Aus diesem Anlass hatten sich zahlreiche Anwohner auf den Weg zum Bahnhof gemacht<\/figcaption><\/figure><\/li><li class=\"blocks-gallery-item\"><figure><img loading=\"lazy\" decoding=\"async\" width=\"1024\" height=\"461\" src=\"https:\/\/smalsparet.com\/wp-content\/uploads\/2021\/09\/20210912_144128-1024x461.jpg\" alt=\"\" data-id=\"4917\" data-full-url=\"https:\/\/smalsparet.com\/wp-content\/uploads\/2021\/09\/20210912_144128-scaled.jpg\" data-link=\"https:\/\/smalsparet.com\/cykla-dressin\/cykla-dressin-fran-flaten-till-gardveda\/20210912_144128\/\" class=\"wp-image-4917\" srcset=\"https:\/\/smalsparet.com\/wp-content\/uploads\/2021\/09\/20210912_144128-1024x461.jpg 1024w, https:\/\/smalsparet.com\/wp-content\/uploads\/2021\/09\/20210912_144128-300x135.jpg 300w, https:\/\/smalsparet.com\/wp-content\/uploads\/2021\/09\/20210912_144128-768x346.jpg 768w, https:\/\/smalsparet.com\/wp-content\/uploads\/2021\/09\/20210912_144128-1536x691.jpg 1536w, https:\/\/smalsparet.com\/wp-content\/uploads\/2021\/09\/20210912_144128-2048x922.jpg 2048w, https:\/\/smalsparet.com\/wp-content\/uploads\/2021\/09\/20210912_144128-600x270.jpg 600w\" sizes=\"auto, (max-width: 1024px) 100vw, 1024px\" \/><figcaption class=\"blocks-gallery-item__caption\">Etwas sp\u00e4ter am Tag kehrte am Bahnhof Flaten wieder Ruhe ein.<\/figcaption><\/figure><\/li><\/ul><\/figure>\n\n\n\n<p class=\"has-small-font-size\"><em>Foto: Svenne Rud\u00e9n \/ Olaf Lindstr\u00f6m<\/em><\/p>","protected":false},"excerpt":{"rendered":"<p>Stationshuset i Flaten k\u00f6ptes tillbaka av f\u00f6reningen 2017, efter ett stort antal \u00e5r i privat \u00e4go. Efter fyra \u00e5rs renovering och ett mycket stort antal nedlagda ideella timmar s\u00e5 kunde stationen \u00e5terinvigas s\u00f6ndagen den 12 september. Klockan 13.00 klippte h\u00f6lls det tal av ordf\u00f6rande Peter V. Christensen, som d\u00e4refter l\u00e4mnade ordet till historiker Stig-\u00c5ke Petersson [&hellip;]<\/p>\n","protected":false},"author":3,"featured_media":0,"comment_status":"open","ping_status":"open","sticky":false,"template":"","format":"standard","meta":{"om_disable_all_campaigns":false,"_uag_custom_page_level_css":"","_monsterinsights_skip_tracking":false,"_monsterinsights_sitenote_active":false,"_monsterinsights_sitenote_note":"","_monsterinsights_sitenote_category":0,"site-sidebar-layout":"default","site-content-layout":"default","ast-site-content-layout":"default","site-content-style":"default","site-sidebar-style":"default","ast-global-header-display":"","ast-banner-title-visibility":"","ast-main-header-display":"","ast-hfb-above-header-display":"","ast-hfb-below-header-display":"","ast-hfb-mobile-header-display":"","site-post-title":"","ast-breadcrumbs-content":"","ast-featured-img":"","footer-sml-layout":"","ast-disable-related-posts":"","theme-transparent-header-meta":"default","adv-header-id-meta":"","stick-header-meta":"","header-above-stick-meta":"","header-main-stick-meta":"","header-below-stick-meta":"","astra-migrate-meta-layouts":"default","ast-page-background-enabled":"default","ast-page-background-meta":{"desktop":{"background-color":"","background-image":"","background-repeat":"repeat","background-position":"center center","background-size":"auto","background-attachment":"scroll","background-type":"","background-media":"","overlay-type":"","overlay-color":"","overlay-opacity":"","overlay-gradient":""},"tablet":{"background-color":"","background-image":"","background-repeat":"repeat","background-position":"center center","background-size":"auto","background-attachment":"scroll","background-type":"","background-media":"","overlay-type":"","overlay-color":"","overlay-opacity":"","overlay-gradient":""},"mobile":{"background-color":"","background-image":"","background-repeat":"repeat","background-position":"center center","background-size":"auto","background-attachment":"scroll","background-type":"","background-media":"","overlay-type":"","overlay-color":"","overlay-opacity":"","overlay-gradient":""}},"ast-content-background-meta":{"desktop":{"background-color":"var(--ast-global-color-5)","background-image":"","background-repeat":"repeat","background-position":"center center","background-size":"auto","background-attachment":"scroll","background-type":"","background-media":"","overlay-type":"","overlay-color":"","overlay-opacity":"","overlay-gradient":""},"tablet":{"background-color":"var(--ast-global-color-5)","background-image":"","background-repeat":"repeat","background-position":"center center","background-size":"auto","background-attachment":"scroll","background-type":"","background-media":"","overlay-type":"","overlay-color":"","overlay-opacity":"","overlay-gradient":""},"mobile":{"background-color":"var(--ast-global-color-5)","background-image":"","background-repeat":"repeat","background-position":"center center","background-size":"auto","background-attachment":"scroll","background-type":"","background-media":"","overlay-type":"","overlay-color":"","overlay-opacity":"","overlay-gradient":""}},"footnotes":""},"categories":[46],"tags":[],"class_list":["post-4919","post","type-post","status-publish","format-standard","hentry","category-nyheter"],"aioseo_notices":[],"spectra_custom_meta":{"_edit_lock":["1631459164:3"],"_edit_last":["3"],"site-sidebar-layout":["default"],"site-content-layout":["default"],"theme-transparent-header-meta":["default"],"_primary_term_category":["46"],"_oembed_3655b4ad2be26671ed3926d0ad25a81f":["<iframe title=\"\u00c5terinvigning Flaten station - 99 \u00e5r senare\" width=\"500\" height=\"375\" src=\"https:\/\/www.youtube.com\/embed\/dWqIG3wwL3Q?feature=oembed\" frameborder=\"0\" allow=\"accelerometer; autoplay; clipboard-write; encrypted-media; gyroscope; picture-in-picture\" allowfullscreen><\/iframe>"],"_oembed_time_3655b4ad2be26671ed3926d0ad25a81f":["1631459162"],"_oembed_8e5c79ba99e59627e432de0ff588a786":["<iframe title=\"\u00c5terinvigning Flaten station - 99 \u00e5r senare\" width=\"1200\" height=\"900\" src=\"https:\/\/www.youtube.com\/embed\/dWqIG3wwL3Q?feature=oembed\" frameborder=\"0\" allow=\"accelerometer; autoplay; clipboard-write; encrypted-media; gyroscope; picture-in-picture\" allowfullscreen><\/iframe>"],"_oembed_time_8e5c79ba99e59627e432de0ff588a786":["1631459164"],"_oembed_3a5381696e7957720a908aa764c5e83e":["<iframe title=\"\u00c5terinvigning Flaten station - 99 \u00e5r senare\" width=\"500\" height=\"281\" src=\"https:\/\/www.youtube.com\/embed\/dWqIG3wwL3Q?feature=oembed\" frameborder=\"0\" allow=\"accelerometer; autoplay; clipboard-write; encrypted-media; gyroscope; picture-in-picture; web-share\" referrerpolicy=\"strict-origin-when-cross-origin\" allowfullscreen><\/iframe>"],"_oembed_time_3a5381696e7957720a908aa764c5e83e":["1734860144"],"_uag_page_assets":["a:9:{s:3:\"css\";s:0:\"\";s:2:\"js\";s:0:\"\";s:18:\"current_block_list\";a:8:{i:0;s:14:\"core\/paragraph\";i:1;s:10:\"core\/embed\";i:2;s:12:\"core\/gallery\";i:3;s:26:\"woocommerce\/product-search\";i:4;s:10:\"core\/group\";i:5;s:12:\"core\/heading\";i:6;s:27:\"woocommerce\/product-on-sale\";i:7;s:32:\"woocommerce\/product-best-sellers\";}s:8:\"uag_flag\";b:0;s:11:\"uag_version\";s:10:\"1777315063\";s:6:\"gfonts\";a:0:{}s:10:\"gfonts_url\";s:0:\"\";s:12:\"gfonts_files\";a:0:{}s:14:\"uag_faq_layout\";b:0;}"]},"uagb_featured_image_src":{"full":false,"thumbnail":false,"medium":false,"medium_large":false,"large":false,"1536x1536":false,"2048x2048":false,"trp-custom-language-flag":false,"woocommerce_thumbnail":false,"woocommerce_single":false,"woocommerce_gallery_thumbnail":false,"awb_sm":false,"awb_md":false,"awb_lg":false,"awb_xl":false},"uagb_author_info":{"display_name":"Olaf","author_link":"https:\/\/smalsparet.com\/de\/author\/olalid\/"},"uagb_comment_info":8,"uagb_excerpt":"Stationshuset i Flaten k\u00f6ptes tillbaka av f\u00f6reningen 2017, efter ett stort antal \u00e5r i privat \u00e4go. Efter fyra \u00e5rs renovering och ett mycket stort antal nedlagda ideella timmar s\u00e5 kunde stationen \u00e5terinvigas s\u00f6ndagen den 12 september. Klockan 13.00 klippte h\u00f6lls det tal av ordf\u00f6rande Peter V. Christensen, som d\u00e4refter l\u00e4mnade ordet till historiker Stig-\u00c5ke Petersson&hellip;","_links":{"self":[{"href":"https:\/\/smalsparet.com\/de\/wp-json\/wp\/v2\/posts\/4919","targetHints":{"allow":["GET"]}}],"collection":[{"href":"https:\/\/smalsparet.com\/de\/wp-json\/wp\/v2\/posts"}],"about":[{"href":"https:\/\/smalsparet.com\/de\/wp-json\/wp\/v2\/types\/post"}],"author":[{"embeddable":true,"href":"https:\/\/smalsparet.com\/de\/wp-json\/wp\/v2\/users\/3"}],"replies":[{"embeddable":true,"href":"https:\/\/smalsparet.com\/de\/wp-json\/wp\/v2\/comments?post=4919"}],"version-history":[{"count":3,"href":"https:\/\/smalsparet.com\/de\/wp-json\/wp\/v2\/posts\/4919\/revisions"}],"predecessor-version":[{"id":4926,"href":"https:\/\/smalsparet.com\/de\/wp-json\/wp\/v2\/posts\/4919\/revisions\/4926"}],"wp:attachment":[{"href":"https:\/\/smalsparet.com\/de\/wp-json\/wp\/v2\/media?parent=4919"}],"wp:term":[{"taxonomy":"category","embeddable":true,"href":"https:\/\/smalsparet.com\/de\/wp-json\/wp\/v2\/categories?post=4919"},{"taxonomy":"post_tag","embeddable":true,"href":"https:\/\/smalsparet.com\/de\/wp-json\/wp\/v2\/tags?post=4919"}],"curies":[{"name":"wp","href":"https:\/\/api.w.org\/{rel}","templated":true}]}}